{"id":101,"date":"2006-03-10T13:04:00","date_gmt":"2006-03-10T12:04:00","guid":{"rendered":"http:\/\/www.ichblogdich.de\/?p=101"},"modified":"2006-03-10T13:56:32","modified_gmt":"2006-03-10T12:56:32","slug":"mailaktion-schreib-der-phonoindustrie-bei-problemen-mit-einem-kopierschutz","status":"publish","type":"post","link":"https:\/\/www.ichblogdich.de\/?p=101","title":{"rendered":"Mailaktion: Schreib&#8216; der Phonoindustrie bei Problemen mit einem Kopierschutz!"},"content":{"rendered":"<p><em>&#8222;Ich habe pers\u00f6nlich gesagt, <strong>jeder<\/strong> der nen CD-Spieler hat bei dem ne kopiergesch\u00fctzte CD nicht l\u00e4uft, der <strong>soll mir ne Mail schicken.<\/strong>&#8222;<\/em> <\/p>\n<p>Das waren die Worte von Hartmut Spiesecke, Sprecher des dt. Phonoverbands in einem Interview im Deutschlandradio am 4. M\u00e4rz 2006 um 2:33 Uhr.<\/p>\n<p>Das Weblog <a href=\"http:\/\/www.netzpolitik.org\" target=\"_blank\" >netzpolitik.org<\/a> hat dies w\u00f6rtlich genommen und die <a href=\"http:\/\/www.netzpolitik.org\/2006\/schreibt-dem-phonoverband-bei-kopierschutzproblemen\/\" target=\"_blank\">Kampagne: Schreibt dem Phonoverband bei Kopierschutzproblemen<\/a> ins Leben gerufen.<\/p>\n<p>Sogar ein Logo gibt es schon:<\/p>\n<p><img decoding=\"async\" src=\"https:\/\/www.ichblogdich.de\/pvtblogdata\/img\/2006\/03\/spieseckehilft1.gif\" alt=\"\" \/><\/p>\n<p>Jens Ohling hat in seinem Blog <a href=\"http:\/\/bildschirmarbeitsplatz.blogg.de\/\" target=\"_blank\">Bildschirmarbeitsplatz<\/a> daraufhin schon einen <a href=\"http:\/\/bildschirmarbeitsplatz.blogg.de\/eintrag.php?id=21\" target=\"_blank\">offenen Brief<\/a>  verfa\u00dft.<\/p>\n<p>Also Leute, ran an die Rechner und teilt Herrn Spiesecke eure Probleme mit Kopierschutzma\u00dfnahmen mit.<\/p>\n<p>Wer wissen m\u00f6chte, was Hartmut Spiesecke noch so denkt und wie er aussieht, dem sei das <a href=\"http:\/\/www.heise.de\/ct\/03\/09\/112\/\" target=\"_blank\">Interview<\/a> auf <a href=\"http:\/\/www.heise.de\" target=\"_blank\">Heise<\/a> aus dem Jahr 2003 ans Herz gelegt. Wer wei\u00df. Vielleicht trifft man ihn ja mal auf der Stra\u00dfe und m\u00f6chte ihm gleich pers\u00f6nlich seine Erfahrungen mitteilen. \ud83d\ude42<\/p>\n","protected":false},"excerpt":{"rendered":"<p>&#8222;Ich habe pers\u00f6nlich gesagt, jeder der nen CD-Spieler hat bei dem ne kopiergesch\u00fctzte CD nicht l\u00e4uft, der soll mir ne Mail schicken.&#8222; Das waren die Worte von Hartmut Spiesecke, Sprecher des dt. Phonoverbands in einem Interview im Deutschlandradio am 4. &hellip; <a href=\"https:\/\/www.ichblogdich.de\/?p=101\">Weiterlesen <span class=\"meta-nav\">&rarr;<\/span><\/a><\/p>\n","protected":false},"author":3,"featured_media":0,"comment_status":"open","ping_status":"open","sticky":false,"template":"","format":"standard","meta":{"footnotes":""},"categories":[11],"tags":[],"class_list":["post-101","post","type-post","status-publish","format-standard","hentry","category-technik"],"_links":{"self":[{"href":"https:\/\/www.ichblogdich.de\/index.php?rest_route=\/wp\/v2\/posts\/101","targetHints":{"allow":["GET"]}}],"collection":[{"href":"https:\/\/www.ichblogdich.de\/index.php?rest_route=\/wp\/v2\/posts"}],"about":[{"href":"https:\/\/www.ichblogdich.de\/index.php?rest_route=\/wp\/v2\/types\/post"}],"author":[{"embeddable":true,"href":"https:\/\/www.ichblogdich.de\/index.php?rest_route=\/wp\/v2\/users\/3"}],"replies":[{"embeddable":true,"href":"https:\/\/www.ichblogdich.de\/index.php?rest_route=%2Fwp%2Fv2%2Fcomments&post=101"}],"version-history":[{"count":0,"href":"https:\/\/www.ichblogdich.de\/index.php?rest_route=\/wp\/v2\/posts\/101\/revisions"}],"wp:attachment":[{"href":"https:\/\/www.ichblogdich.de\/index.php?rest_route=%2Fwp%2Fv2%2Fmedia&parent=101"}],"wp:term":[{"taxonomy":"category","embeddable":true,"href":"https:\/\/www.ichblogdich.de\/index.php?rest_route=%2Fwp%2Fv2%2Fcategories&post=101"},{"taxonomy":"post_tag","embeddable":true,"href":"https:\/\/www.ichblogdich.de\/index.php?rest_route=%2Fwp%2Fv2%2Ftags&post=101"}],"curies":[{"name":"wp","href":"https:\/\/api.w.org\/{rel}","templated":true}]}}