{"id":1686,"date":"2009-04-01T01:32:00","date_gmt":"2009-03-31T23:32:00","guid":{"rendered":"http:\/\/www.ichblogdich.de\/?p=1686"},"modified":"2009-04-02T21:52:34","modified_gmt":"2009-04-02T19:52:34","slug":"gez-zieht-gebuhren-bei-ehemaligen-ddr-einwohnern-fur-13-jahre-schwarzsehen-ein","status":"publish","type":"post","link":"https:\/\/www.ichblogdich.de\/?p=1686","title":{"rendered":"GEZ zieht Geb\u00fchren bei ehemaligen DDR-Einwohnern f\u00fcr 13 Jahre Schwarzsehen ein"},"content":{"rendered":"<p>Seit 1976 ist f\u00fcr den Einzug der Rundfunkgeb\u00fchren die GEZ zust\u00e4ndig. Als Basis dient daf\u00fcr der Rundfunkgeb\u00fchrenstaatsvertrag. In diesem sind unter anderem festgelegt, f\u00fcr welche Ger\u00e4te eine Geb\u00fchrenpflicht besteht, welche Ausnahmeregelungen existieren und wann die Anspr\u00fcche verj\u00e4hren.<\/p>\n<p>Regelm\u00e4\u00dfige Anpassungen dieses Vertrags sorgen gerne mal f\u00fcr Unmut unter den Geb\u00fchrenzahlern. Erst recht dann, wenn im Amtsdeutsch \u00fcber indirekte Negation zus\u00e4tzliche Geb\u00fchren eingezogen werden sollen.<\/p>\n<p>Diesen Unmut durfte diese Tage auch einer unserer Leser Ulf E. zu sp\u00fcren bekommen.<br \/>\n<a href=\"https:\/\/www.ichblogdich.de\/pvtblogdata\/img\/2009\/04\/gezschreiben_gross.jpg\" target=\"_blank\"><img decoding=\"async\" src=\"https:\/\/www.ichblogdich.de\/pvtblogdata\/img\/2009\/04\/gezschreiben_klein.jpg\" align=left hspace=\"10\" style=\"float:left\" \/><br \/><\/a><\/p>\n<p>In einem Schreiben teilte die GEZ ihm letzten Monat mit, dass er f\u00fcr 13 Jahre &#8222;Schwarzsehen&#8220; Geb\u00fchren von fast 600 EUR nachzuzahlen habe. Mit Verzugszinsen summiert sich der Betrag auf \u00fcber 2000 EUR.<br \/>\nDie GEZ begr\u00fcndet ihren Anspruch auf eine j\u00fcngste Erg\u00e4nzung des Rundfunkgeb\u00fchrenstaats- vertrags, die indirekt auf die Verj\u00e4hrung der Geb\u00fchrenpflicht eingeht. <br clear=\"all\"\/><\/p>\n<p><font SIZE=1>Zum Vergr\u00f6\u00dfern Bild anklicken<\/font><\/p>\n<p>In dem Schreiben, welches uns vorliegt, hei\u00dft es dazu:<\/p>\n<blockquote><p>Nach diesem [Rundfunkgeb\u00fchrenstaatsvertrag Anm. der Red.] regelt der \u00a7 4 (8) die nachtr\u00e4gliche Rundfunkgeb\u00fchrenpflicht f\u00fcr ehemalige Einwohner der fr\u00fcheren DDR.<br \/>\n\u201eDie in \u00a7 4 (4) genannte Verj\u00e4hrung findet nur Anwendung f\u00fcr Geb\u00fchrenpflichtige die zum 1.1.1989 B\u00fcrger der Bundesrepublik Deutschland waren.\u201c<\/p><\/blockquote>\n<p>Will hei\u00dfen: Wer vor dem Fall der Mauer zum 1.1.1989 noch B\u00fcrger der DDR war, darf f\u00fcr 13 Jahre Schwarzsehen GEZ Geb\u00fchren nachzahlen, da auf ihn die Verj\u00e4hrungsklausel nun nicht mehr zutrifft.<br \/>\nBei damals 19 Millionen DDR B\u00fcrgern und gesch\u00e4tzten 4 Millionen Haushalte d\u00fcrfte da eine Menge zusammenkommen. Selbst wenn nur jeder 4. Haushalt ein Empfangsger\u00e4t besa\u00df, so k\u00f6nnte dieser Schachzug schlappe 2 Milliarden EUR in die Kassen der \u00d6ffentlich-Rechtlichen sp\u00fclen. In Zeiten von zur\u00fcckgehenden Werbebudgets aufgrund der Weltwirtschaftskrise ist dies sicherlich kein unwillkommener Geldregen. <\/p>\n","protected":false},"excerpt":{"rendered":"<p>Seit 1976 ist f\u00fcr den Einzug der Rundfunkgeb\u00fchren die GEZ zust\u00e4ndig. Als Basis dient daf\u00fcr der Rundfunkgeb\u00fchrenstaatsvertrag. In diesem sind unter anderem festgelegt, f\u00fcr welche Ger\u00e4te eine Geb\u00fchrenpflicht besteht, welche Ausnahmeregelungen existieren und wann die Anspr\u00fcche verj\u00e4hren. Regelm\u00e4\u00dfige Anpassungen dieses &hellip; <a href=\"https:\/\/www.ichblogdich.de\/?p=1686\">Weiterlesen <span class=\"meta-nav\">&rarr;<\/span><\/a><\/p>\n","protected":false},"author":3,"featured_media":0,"comment_status":"open","ping_status":"open","sticky":false,"template":"","format":"standard","meta":{"footnotes":""},"categories":[47],"tags":[],"class_list":["post-1686","post","type-post","status-publish","format-standard","hentry","category-lirpa-lirpa"],"_links":{"self":[{"href":"https:\/\/www.ichblogdich.de\/index.php?rest_route=\/wp\/v2\/posts\/1686","targetHints":{"allow":["GET"]}}],"collection":[{"href":"https:\/\/www.ichblogdich.de\/index.php?rest_route=\/wp\/v2\/posts"}],"about":[{"href":"https:\/\/www.ichblogdich.de\/index.php?rest_route=\/wp\/v2\/types\/post"}],"author":[{"embeddable":true,"href":"https:\/\/www.ichblogdich.de\/index.php?rest_route=\/wp\/v2\/users\/3"}],"replies":[{"embeddable":true,"href":"https:\/\/www.ichblogdich.de\/index.php?rest_route=%2Fwp%2Fv2%2Fcomments&post=1686"}],"version-history":[{"count":22,"href":"https:\/\/www.ichblogdich.de\/index.php?rest_route=\/wp\/v2\/posts\/1686\/revisions"}],"predecessor-version":[{"id":1723,"href":"https:\/\/www.ichblogdich.de\/index.php?rest_route=\/wp\/v2\/posts\/1686\/revisions\/1723"}],"wp:attachment":[{"href":"https:\/\/www.ichblogdich.de\/index.php?rest_route=%2Fwp%2Fv2%2Fmedia&parent=1686"}],"wp:term":[{"taxonomy":"category","embeddable":true,"href":"https:\/\/www.ichblogdich.de\/index.php?rest_route=%2Fwp%2Fv2%2Fcategories&post=1686"},{"taxonomy":"post_tag","embeddable":true,"href":"https:\/\/www.ichblogdich.de\/index.php?rest_route=%2Fwp%2Fv2%2Ftags&post=1686"}],"curies":[{"name":"wp","href":"https:\/\/api.w.org\/{rel}","templated":true}]}}