{"id":2767,"date":"2014-06-27T14:59:30","date_gmt":"2014-06-27T12:59:30","guid":{"rendered":"http:\/\/www.ichblogdich.de\/?p=2767"},"modified":"2014-06-27T14:59:30","modified_gmt":"2014-06-27T12:59:30","slug":"intel-nuc-dn2820fykh-schwarzer-bildschirm","status":"publish","type":"post","link":"https:\/\/www.ichblogdich.de\/?p=2767","title":{"rendered":"Intel NUC DN2820FYKH &#8211; schwarzer Bildschirm"},"content":{"rendered":"<p>Ich hatte jetzt schon 4 nagelneue Intel NUCs DN2820FYKH <img loading=\"lazy\" decoding=\"async\" class=\"alignright  wp-image-2769\" src=\"https:\/\/www.ichblogdich.de\/pvtblogdata\/img\/2014\/06\/NUCDN2820FYKH.jpg\" alt=\"NUCDN2820FYKH\" width=\"197\" height=\"195\" srcset=\"https:\/\/www.ichblogdich.de\/pvtblogdata\/img\/2014\/06\/NUCDN2820FYKH.jpg 2127w, https:\/\/www.ichblogdich.de\/pvtblogdata\/img\/2014\/06\/NUCDN2820FYKH-300x296.jpg 300w, https:\/\/www.ichblogdich.de\/pvtblogdata\/img\/2014\/06\/NUCDN2820FYKH-1024x1013.jpg 1024w\" sizes=\"auto, (max-width: 197px) 100vw, 197px\" \/>zur Installation in den H\u00e4nden und jedes Mal das gleiche Problem. Die NUCs werden mit einem veraltetem Bios ausgeliefert, was zur Folge hat, da\u00df man einfach kein Bild zu Gesicht bekommt. Egal welchen Monitor ich getestet habe, ob HDMI-&gt;DVI oder HDMI-&gt;HDMI, das Bild bleibt immer schwarz.<\/p>\n<p>Google best\u00e4tigte mir recht schnell, da\u00df auch andere bereits das Problem hatten und die L\u00f6sung ist, den NUC mittels Recovery Bios auf den neusten Stand zu bringen. Erst dann zeigt der NUC auch ein Bild an. Wobei einige Postings darauf hindeuten, dass beim Anschlu\u00df an einen normalen TV ein Bild erscheinen w\u00fcrde &#8211; was ich aber nicht getestet habe.<\/p>\n<p>Die Anleitung f\u00fcr den Recovery Flash gibt es direkt bei Intel. Ich habe es mit einem Bios V.32 und einem \u00e4lteren 128MB FAT-formatierten USB-Stick hinbekommen. Ich habe dabei nur Monitor und eine USB-Tastatur angeschlossen. Das Bios-File *.BIO einfach so wie man es bei Intel runterladen kann auf den leeren Stick ziehen.<\/p>\n<p>W\u00e4hrend des Firmware-Flashes im Blindflug blinkt die Power-Lampe des NUCs in unregelm\u00e4\u00dfigem Intervall. Nach einer ganzen Weile h\u00f6rt dann das Blinken auf und die Power-Lampe leuchtet stetig. Ich habe dann immer noch 2-3 Minuten gewartet, bevor ich den NUC h\u00e4ndisch ausgeschaltet habe.<\/p>\n<p>Wichtig nach dem Flash, erst einmal wieder den kleinen Jumper auf dem Board anbringen und danach einschalten.<\/p>\n<p><a href=\"http:\/\/www.intel.com\/support\/motherboards\/desktop\/sb\/CS-034524.htm\" target=\"_blank\">Intel\u00ae NUC Boards and Kits &#8211; BIOS Recovery Update Instructions<\/a><\/p>\n","protected":false},"excerpt":{"rendered":"<p>Ich hatte jetzt schon 4 nagelneue Intel NUCs DN2820FYKH zur Installation in den H\u00e4nden und jedes Mal das gleiche Problem. Die NUCs werden mit einem veraltetem Bios ausgeliefert, was zur Folge hat, da\u00df man einfach kein Bild zu Gesicht bekommt. &hellip; <a href=\"https:\/\/www.ichblogdich.de\/?p=2767\">Weiterlesen <span class=\"meta-nav\">&rarr;<\/span><\/a><\/p>\n","protected":false},"author":2,"featured_media":0,"comment_status":"open","ping_status":"open","sticky":false,"template":"","format":"standard","meta":{"footnotes":""},"categories":[16],"tags":[],"class_list":["post-2767","post","type-post","status-publish","format-standard","hentry","category-it-welt"],"_links":{"self":[{"href":"https:\/\/www.ichblogdich.de\/index.php?rest_route=\/wp\/v2\/posts\/2767","targetHints":{"allow":["GET"]}}],"collection":[{"href":"https:\/\/www.ichblogdich.de\/index.php?rest_route=\/wp\/v2\/posts"}],"about":[{"href":"https:\/\/www.ichblogdich.de\/index.php?rest_route=\/wp\/v2\/types\/post"}],"author":[{"embeddable":true,"href":"https:\/\/www.ichblogdich.de\/index.php?rest_route=\/wp\/v2\/users\/2"}],"replies":[{"embeddable":true,"href":"https:\/\/www.ichblogdich.de\/index.php?rest_route=%2Fwp%2Fv2%2Fcomments&post=2767"}],"version-history":[{"count":2,"href":"https:\/\/www.ichblogdich.de\/index.php?rest_route=\/wp\/v2\/posts\/2767\/revisions"}],"predecessor-version":[{"id":2770,"href":"https:\/\/www.ichblogdich.de\/index.php?rest_route=\/wp\/v2\/posts\/2767\/revisions\/2770"}],"wp:attachment":[{"href":"https:\/\/www.ichblogdich.de\/index.php?rest_route=%2Fwp%2Fv2%2Fmedia&parent=2767"}],"wp:term":[{"taxonomy":"category","embeddable":true,"href":"https:\/\/www.ichblogdich.de\/index.php?rest_route=%2Fwp%2Fv2%2Fcategories&post=2767"},{"taxonomy":"post_tag","embeddable":true,"href":"https:\/\/www.ichblogdich.de\/index.php?rest_route=%2Fwp%2Fv2%2Ftags&post=2767"}],"curies":[{"name":"wp","href":"https:\/\/api.w.org\/{rel}","templated":true}]}}