{"id":387,"date":"2007-01-16T12:24:40","date_gmt":"2007-01-16T11:24:40","guid":{"rendered":"http:\/\/www.ichblogdich.de\/?p=387"},"modified":"2007-01-16T12:26:24","modified_gmt":"2007-01-16T11:26:24","slug":"fall-supernature-forum-am-191-ist-verhandlung","status":"publish","type":"post","link":"https:\/\/www.ichblogdich.de\/?p=387","title":{"rendered":"Fall &#8222;Supernature-Forum&#8220;: am 19.1. ist Verhandlung"},"content":{"rendered":"<p><a target=\"_blank\" href=\"http:\/\/www.supernature-forum.de\/spendenaktion\"><img decoding=\"async\" border=\"0\" src=\"http:\/\/www.supernature-forum.de\/spendenaktion\/sf_aktionsbanner_4.jpg\" \/><\/a><\/p>\n<p>Martin Geu\u00df, Betreiber des &#8222;Supernature-Forum&#8220; wurde Ziel einer Abmahnung (wir berichteten <a target=\"_blank\" href=\"https:\/\/www.ichblogdich.de\/?p=106\">hier<\/a> und <a target=\"_blank\" href=\"https:\/\/www.ichblogdich.de\/?p=146\">hier<\/a>).<\/p>\n<p>Martin Geu\u00df hatte eine Klage eingereicht. Eine offizielle Erl\u00e4rung kann man <a target=\"_blank\" href=\"http:\/\/www.supernature-forum.de\/spendenaktion\/klage_eingereicht.php\">hier<\/a> nachlesen.<\/p>\n<p><strong>Die Verhandlung steht kurz bevor: <\/strong><\/p>\n<p><u>Termin:<\/u><br \/>\nFreitag, der 19. Januar 2007<\/p>\n<p><u>Uhrzeit:<\/u><br \/>\n12:30 Uhr<\/p>\n<p><u>Ort:<\/u><br \/>\nZiviljustizgeb\u00e4ude am Sievekingplatz 1<br \/>\n20355 Hamburg<\/p>\n<p><u>Raum:<\/u><br \/>\nSitzungsraum B335<\/p>\n<p><u>Aktenzeichen:<\/u><br \/>\n324 O 600\/06<\/p>\n<p><u>Kl\u00e4ger:<\/u><br \/>\nMartin Geu\u00df<\/p>\n<p>Weitere Details dazu gibt es <a target=\"_blank\" href=\"http:\/\/www.supernature-forum.de\/spendenaktion\/news.php\">hier<\/a> (siehe Eintrag vom 11.1.2007).<\/p>\n<p>Wir w\u00fcnschen Martin Geu\u00df viel Erfolg.<\/p>\n<p><a target=\"_blank\" href=\"http:\/\/www.supernature-forum.de\/spendenaktion\"><img decoding=\"async\" border=\"0\" src=\"http:\/\/www.supernature-forum.de\/spendenaktion\/sf_aktionsbanner_4.jpg\" <\/a\/><\/a><\/p>\n","protected":false},"excerpt":{"rendered":"<p>Martin Geu\u00df, Betreiber des &#8222;Supernature-Forum&#8220; wurde Ziel einer Abmahnung (wir berichteten hier und hier). Martin Geu\u00df hatte eine Klage eingereicht. Eine offizielle Erl\u00e4rung kann man hier nachlesen. Die Verhandlung steht kurz bevor: Termin: Freitag, der 19. Januar 2007 Uhrzeit: 12:30 &hellip; <a href=\"https:\/\/www.ichblogdich.de\/?p=387\">Weiterlesen <span class=\"meta-nav\">&rarr;<\/span><\/a><\/p>\n","protected":false},"author":5,"featured_media":0,"comment_status":"open","ping_status":"open","sticky":false,"template":"","format":"standard","meta":{"footnotes":""},"categories":[20],"tags":[],"class_list":["post-387","post","type-post","status-publish","format-standard","hentry","category-aktionen"],"_links":{"self":[{"href":"https:\/\/www.ichblogdich.de\/index.php?rest_route=\/wp\/v2\/posts\/387","targetHints":{"allow":["GET"]}}],"collection":[{"href":"https:\/\/www.ichblogdich.de\/index.php?rest_route=\/wp\/v2\/posts"}],"about":[{"href":"https:\/\/www.ichblogdich.de\/index.php?rest_route=\/wp\/v2\/types\/post"}],"author":[{"embeddable":true,"href":"https:\/\/www.ichblogdich.de\/index.php?rest_route=\/wp\/v2\/users\/5"}],"replies":[{"embeddable":true,"href":"https:\/\/www.ichblogdich.de\/index.php?rest_route=%2Fwp%2Fv2%2Fcomments&post=387"}],"version-history":[{"count":0,"href":"https:\/\/www.ichblogdich.de\/index.php?rest_route=\/wp\/v2\/posts\/387\/revisions"}],"wp:attachment":[{"href":"https:\/\/www.ichblogdich.de\/index.php?rest_route=%2Fwp%2Fv2%2Fmedia&parent=387"}],"wp:term":[{"taxonomy":"category","embeddable":true,"href":"https:\/\/www.ichblogdich.de\/index.php?rest_route=%2Fwp%2Fv2%2Fcategories&post=387"},{"taxonomy":"post_tag","embeddable":true,"href":"https:\/\/www.ichblogdich.de\/index.php?rest_route=%2Fwp%2Fv2%2Ftags&post=387"}],"curies":[{"name":"wp","href":"https:\/\/api.w.org\/{rel}","templated":true}]}}