{"id":472,"date":"2007-05-07T15:39:41","date_gmt":"2007-05-07T13:39:41","guid":{"rendered":"http:\/\/www.ichblogdich.de\/?p=472"},"modified":"2007-05-07T15:39:41","modified_gmt":"2007-05-07T13:39:41","slug":"ist-unser-bundesprasident-erpressbar","status":"publish","type":"post","link":"https:\/\/www.ichblogdich.de\/?p=472","title":{"rendered":"Ist unser Bundespr\u00e4sident erpressbar?"},"content":{"rendered":"<p>Unser Bundespr\u00e4sident Horst K\u00f6hler hatte dar\u00fcber zu entscheiden, ob dem Gnadengesuch von Christian Klar entsprochen wird oder nicht.<\/p>\n<p>Im Vorfeld wurde er daf\u00fcr aus den eigenen Reihen der CDU und der CSU offen kritisiert. Was jedoch einige der Parteigenossen an den Tag legten, ist nicht mehr zu entschuldigen:<br \/>\n<a href=\"http:\/\/stern.de\/politik\/deutschland\/:Kommentar-Die-CSU-Gnade\/588532.html\" target=\"_blank\">Zwei CSUler drohten K\u00f6hler offen<\/a>, ihn das n\u00e4chste mal nicht mehr zu w\u00e4hlen, sollte er sich f\u00fcr eine Begnadigung Klars entscheiden.<\/p>\n<p>Nun hat <a href=\"http:\/\/www.bundespraesident.de\/-,2.637469\/Bundespraesident-Horst-Koehler.htm\" target=\"_blank\">K\u00f6hler die Begnadigung Klars abgelehnt<\/a>. Gr\u00fcnde daf\u00fcr gab er nicht an.<\/p>\n<p>W\u00e4re K\u00f6hlers Entscheidung genauso ausgefallen, wenn die Drohungen aus den eigenen Reihen ausgeblieben w\u00e4ren? Oder haben die Drohungen seine Entscheidung letztendlich doch beeinflusst.<\/p>\n<p>Wir werden es wohl nie erfahren.<br \/>\nSo oder so: A Gschm\u00e4ckle bleibt immer!<\/p>\n","protected":false},"excerpt":{"rendered":"<p>Unser Bundespr\u00e4sident Horst K\u00f6hler hatte dar\u00fcber zu entscheiden, ob dem Gnadengesuch von Christian Klar entsprochen wird oder nicht. Im Vorfeld wurde er daf\u00fcr aus den eigenen Reihen der CDU und der CSU offen kritisiert. Was jedoch einige der Parteigenossen an &hellip; <a href=\"https:\/\/www.ichblogdich.de\/?p=472\">Weiterlesen <span class=\"meta-nav\">&rarr;<\/span><\/a><\/p>\n","protected":false},"author":3,"featured_media":0,"comment_status":"open","ping_status":"open","sticky":false,"template":"","format":"standard","meta":{"footnotes":""},"categories":[3],"tags":[],"class_list":["post-472","post","type-post","status-publish","format-standard","hentry","category-dinge-die-die-welt-nicht-braucht"],"_links":{"self":[{"href":"https:\/\/www.ichblogdich.de\/index.php?rest_route=\/wp\/v2\/posts\/472","targetHints":{"allow":["GET"]}}],"collection":[{"href":"https:\/\/www.ichblogdich.de\/index.php?rest_route=\/wp\/v2\/posts"}],"about":[{"href":"https:\/\/www.ichblogdich.de\/index.php?rest_route=\/wp\/v2\/types\/post"}],"author":[{"embeddable":true,"href":"https:\/\/www.ichblogdich.de\/index.php?rest_route=\/wp\/v2\/users\/3"}],"replies":[{"embeddable":true,"href":"https:\/\/www.ichblogdich.de\/index.php?rest_route=%2Fwp%2Fv2%2Fcomments&post=472"}],"version-history":[{"count":0,"href":"https:\/\/www.ichblogdich.de\/index.php?rest_route=\/wp\/v2\/posts\/472\/revisions"}],"wp:attachment":[{"href":"https:\/\/www.ichblogdich.de\/index.php?rest_route=%2Fwp%2Fv2%2Fmedia&parent=472"}],"wp:term":[{"taxonomy":"category","embeddable":true,"href":"https:\/\/www.ichblogdich.de\/index.php?rest_route=%2Fwp%2Fv2%2Fcategories&post=472"},{"taxonomy":"post_tag","embeddable":true,"href":"https:\/\/www.ichblogdich.de\/index.php?rest_route=%2Fwp%2Fv2%2Ftags&post=472"}],"curies":[{"name":"wp","href":"https:\/\/api.w.org\/{rel}","templated":true}]}}