{"id":61,"date":"2006-01-02T18:00:31","date_gmt":"2006-01-02T17:00:31","guid":{"rendered":"http:\/\/www.ichblogdich.de\/?p=61"},"modified":"2006-01-03T10:40:38","modified_gmt":"2006-01-03T09:40:38","slug":"3-staffel-von-stromberg","status":"publish","type":"post","link":"https:\/\/www.ichblogdich.de\/?p=61","title":{"rendered":"3. Staffel von Stromberg"},"content":{"rendered":"<p>F\u00fcr alle Stromberg-Fans und besonders f\u00fcr C.J. eine gute Nachricht.<br \/>\nIn der Sylvester-Show von Stefan Raab hat Christoph Maria Herbst verraten,  da\u00df es wohl doch eine 3. Staffel von Stromberg geben wird.<\/p>\n<p>Nach Infos in einschl\u00e4gigen Stromberg-Foren wird die 3. Staffel wohl im Herbst 2006 gedreht und leider erst 2007 gesendet.<\/p>\n<p>Eine offizielle Pressemitteilung dazu habe ich aber noch nicht im Netz gefunden.<\/p>\n","protected":false},"excerpt":{"rendered":"<p>F\u00fcr alle Stromberg-Fans und besonders f\u00fcr C.J. eine gute Nachricht. In der Sylvester-Show von Stefan Raab hat Christoph Maria Herbst verraten, da\u00df es wohl doch eine 3. Staffel von Stromberg geben wird. Nach Infos in einschl\u00e4gigen Stromberg-Foren wird die 3. &hellip; <a href=\"https:\/\/www.ichblogdich.de\/?p=61\">Weiterlesen <span class=\"meta-nav\">&rarr;<\/span><\/a><\/p>\n","protected":false},"author":2,"featured_media":0,"comment_status":"open","ping_status":"open","sticky":false,"template":"","format":"standard","meta":{"footnotes":""},"categories":[9],"tags":[],"class_list":["post-61","post","type-post","status-publish","format-standard","hentry","category-tv-dvd"],"_links":{"self":[{"href":"https:\/\/www.ichblogdich.de\/index.php?rest_route=\/wp\/v2\/posts\/61","targetHints":{"allow":["GET"]}}],"collection":[{"href":"https:\/\/www.ichblogdich.de\/index.php?rest_route=\/wp\/v2\/posts"}],"about":[{"href":"https:\/\/www.ichblogdich.de\/index.php?rest_route=\/wp\/v2\/types\/post"}],"author":[{"embeddable":true,"href":"https:\/\/www.ichblogdich.de\/index.php?rest_route=\/wp\/v2\/users\/2"}],"replies":[{"embeddable":true,"href":"https:\/\/www.ichblogdich.de\/index.php?rest_route=%2Fwp%2Fv2%2Fcomments&post=61"}],"version-history":[{"count":0,"href":"https:\/\/www.ichblogdich.de\/index.php?rest_route=\/wp\/v2\/posts\/61\/revisions"}],"wp:attachment":[{"href":"https:\/\/www.ichblogdich.de\/index.php?rest_route=%2Fwp%2Fv2%2Fmedia&parent=61"}],"wp:term":[{"taxonomy":"category","embeddable":true,"href":"https:\/\/www.ichblogdich.de\/index.php?rest_route=%2Fwp%2Fv2%2Fcategories&post=61"},{"taxonomy":"post_tag","embeddable":true,"href":"https:\/\/www.ichblogdich.de\/index.php?rest_route=%2Fwp%2Fv2%2Ftags&post=61"}],"curies":[{"name":"wp","href":"https:\/\/api.w.org\/{rel}","templated":true}]}}