{"id":616,"date":"2007-11-03T22:10:59","date_gmt":"2007-11-03T20:10:59","guid":{"rendered":"http:\/\/www.ichblogdich.de\/?p=616"},"modified":"2007-11-04T12:24:25","modified_gmt":"2007-11-04T10:24:25","slug":"der-kontinent-europa","status":"publish","type":"post","link":"https:\/\/www.ichblogdich.de\/?p=616","title":{"rendered":"Der Kontinent Europa"},"content":{"rendered":"<p>Vor ca. 500 Millionen Jahren bildete sich das, was wir heute als den Kontinent Europa kennen.<br \/>\nDiese vierteilige Dokumentation erz\u00e4hlt eindrucksvoll von der Entstehung, Verwandlung und Vielfalt des Kontinents Europa.<\/p>\n<p>Video-Teil 1: <a target=\"_blank\" href=\"http:\/\/wstreaming.zdf.de\/zdf\/veryhigh\/070928_kontinent_exp.asx\" title=\"Der Kontinent - Die Geburt Europas\">&#8222;Der Kontinent &#8211; Die Geburt Europas&#8220;<\/a>, ZDF-Mediathek \/ ZDF Expedition<br \/>\nVideoformat: WMV9, Videogr\u00f6\u00dfe: 688 x 384, L\u00e4nge: 43:34 Minuten<\/p>\n<p>Video-Teil 2: <a target=\"_blank\" href=\"http:\/\/wstreaming.zdf.de\/zdf\/veryhigh\/070927_kontinen2_exp.asx\" title=\"Der Kontinent - Europa unter dem Eis\">&#8222;Der Kontinent &#8211; Europa unter dem Eis&#8220;<\/a>, ZDF-Mediathek \/ ZDF Expedition<br \/>\nVideoformat: WMV9, Videogr\u00f6\u00dfe: 688 x 384, L\u00e4nge: 43:13 Minuten<\/p>\n<p>Video-Teil 3: <a target=\"_blank\" href=\"http:\/\/wstreaming.zdf.de\/zdf\/veryhigh\/070927_kontinent3_exp.asx\" title=\"Der Kontinent - Die Z\u00e4hmung Europas\">&#8222;Der Kontinent &#8211; Die Z\u00e4hmung Europas&#8220;<\/a>, ZDF-Mediathek \/ ZDF Expedition<br \/>\nVideoformat: WMV9, Videogr\u00f6\u00dfe: 688 x 384, L\u00e4nge: 43:27 Minuten<\/p>\n<p>Video-Teil 4: <a target=\"_blank\" href=\"http:\/\/wstreaming.zdf.de\/zdf\/veryhigh\/070927_kontinent4_exp.asx\" title=\"Der Kontinent - Die Zukunft Europas\">&#8222;Der Kontinent &#8211; Die Zukunft Europas&#8220;<\/a>, ZDF-Mediathek \/ ZDF Expedition<br \/>\nVideoformat: WMV9, Videogr\u00f6\u00dfe: 688 x 384, L\u00e4nge: 43:26 Minuten<\/p>\n<p>Begleitende Links:<br \/>\n<a target=\"_blank\" href=\"http:\/\/zdfexpedition.zdf.de\/ZDFde\/inhalt\/7\/0,1872,7013159,00.html\" title=\"ZDF-Expedition: Der Kontinent - Die Geburt Europas\">&#8222;ZDF-Expedition: Der Kontinent &#8211; Die Geburt Europas&#8220;<\/a><br \/>\n<a target=\"_blank\" href=\"http:\/\/zdfexpedition.zdf.de\/ZDFde\/inhalt\/15\/0,1872,7100911,00.html\" title=\"ZDF-Expedition: Der Kontinent: Europa unter dem Eis\">&#8222;ZDF-Expedition: Der Kontinent: Europa unter dem Eis&#8220;<\/a><br \/>\n<a target=\"_blank\" href=\"http:\/\/zdfexpedition.zdf.de\/ZDFde\/inhalt\/5\/0,1872,7101157,00.html\" title=\"ZDF-Expedition: Der Kontinent: Die Z\u00e4hmung Europas\">&#8222;ZDF-Expedition: Der Kontinent: Die Z\u00e4hmung Europas&#8220;<\/a><br \/>\n<a target=\"_blank\" href=\"http:\/\/zdfexpedition.zdf.de\/ZDFde\/inhalt\/29\/0,1872,7101565,00.html\" title=\"ZDF-Expedition: Die Zukunft Europas\">&#8222;ZDF-Expedition: Die Zukunft Europas&#8220;<\/a><\/p>\n","protected":false},"excerpt":{"rendered":"<p>Vor ca. 500 Millionen Jahren bildete sich das, was wir heute als den Kontinent Europa kennen. Diese vierteilige Dokumentation erz\u00e4hlt eindrucksvoll von der Entstehung, Verwandlung und Vielfalt des Kontinents Europa. Video-Teil 1: &#8222;Der Kontinent &#8211; Die Geburt Europas&#8220;, ZDF-Mediathek \/ &hellip; <a href=\"https:\/\/www.ichblogdich.de\/?p=616\">Weiterlesen <span class=\"meta-nav\">&rarr;<\/span><\/a><\/p>\n","protected":false},"author":3,"featured_media":0,"comment_status":"open","ping_status":"open","sticky":false,"template":"","format":"standard","meta":{"footnotes":""},"categories":[36],"tags":[],"class_list":["post-616","post","type-post","status-publish","format-standard","hentry","category-ich-schau-dich"],"_links":{"self":[{"href":"https:\/\/www.ichblogdich.de\/index.php?rest_route=\/wp\/v2\/posts\/616","targetHints":{"allow":["GET"]}}],"collection":[{"href":"https:\/\/www.ichblogdich.de\/index.php?rest_route=\/wp\/v2\/posts"}],"about":[{"href":"https:\/\/www.ichblogdich.de\/index.php?rest_route=\/wp\/v2\/types\/post"}],"author":[{"embeddable":true,"href":"https:\/\/www.ichblogdich.de\/index.php?rest_route=\/wp\/v2\/users\/3"}],"replies":[{"embeddable":true,"href":"https:\/\/www.ichblogdich.de\/index.php?rest_route=%2Fwp%2Fv2%2Fcomments&post=616"}],"version-history":[{"count":0,"href":"https:\/\/www.ichblogdich.de\/index.php?rest_route=\/wp\/v2\/posts\/616\/revisions"}],"wp:attachment":[{"href":"https:\/\/www.ichblogdich.de\/index.php?rest_route=%2Fwp%2Fv2%2Fmedia&parent=616"}],"wp:term":[{"taxonomy":"category","embeddable":true,"href":"https:\/\/www.ichblogdich.de\/index.php?rest_route=%2Fwp%2Fv2%2Fcategories&post=616"},{"taxonomy":"post_tag","embeddable":true,"href":"https:\/\/www.ichblogdich.de\/index.php?rest_route=%2Fwp%2Fv2%2Ftags&post=616"}],"curies":[{"name":"wp","href":"https:\/\/api.w.org\/{rel}","templated":true}]}}