{"id":742,"date":"2008-03-28T12:51:23","date_gmt":"2008-03-28T11:51:23","guid":{"rendered":"http:\/\/www.ichblogdich.de\/?p=742"},"modified":"2008-03-28T12:51:23","modified_gmt":"2008-03-28T11:51:23","slug":"marco-w-kehrt-nicht-in-die-turkei-zuruck","status":"publish","type":"post","link":"https:\/\/www.ichblogdich.de\/?p=742","title":{"rendered":"Marco W. kehrt nicht in die T\u00fcrkei zur\u00fcck"},"content":{"rendered":"<p>Marco W., der letztes Jahr wegen Doktorspielchen mit einer 13 j\u00e4hrigen Britin in den monatelangen Genuss der Gastfreundschaft der t\u00fcrkischen Justiz kam, kehrt nun doch nicht zur Fortsetzung des Prozesses in die T\u00fcrkei zur\u00fcck.<\/p>\n<p>Als er am 14. Dezember letzten Jahres nach 8 Monaten aus der Untersuchungshaft entlassen wurde, gingen noch Aussagen von ihm durch die Presse, dass er selbstverst\u00e4ndlich wieder anreisen werde, wenn der Prozess weiter ginge.<\/p>\n<p><font size=\"1\"><u>Quellen:<\/u><br \/>\n<a href=http:\/\/www.spiegel.de\/panorama\/justiz\/0,1518,543740,00.html\" target=\"_blank\">&#8222;Marco Weiss kehrt nicht in die T\u00fcrkei zur\u00fcck&#8220;<\/a> (spiegel online vom 27.3.2008)<br \/>\n<a href=http:\/\/www.netzeitung.de\/vermischtes\/951137.html\" target=\"_blank\">&#8222;Marco W. will nicht vor t\u00fcrkisches Gericht&#8220;<\/a> (netzeitung vom 27.3.2008)<br \/>\n<a href=http:\/\/www.augsburger-allgemeine.de\/Home\/Nachrichten\/Aus-aller-Welt\/Artikel,-Marco-kehrt-in-die-Tuerkei-zurueck-_arid,1145648_regid,2_puid,2_pageid,4293.html\" target=\"_blank\">&#8222;Marco kehrt in die T\u00fcrkei zur\u00fcck&#8220;<\/a> (Augsburger Allgemeine vom 7.1.2008)<br \/>\n<\/font><\/p>\n","protected":false},"excerpt":{"rendered":"<p>Marco W., der letztes Jahr wegen Doktorspielchen mit einer 13 j\u00e4hrigen Britin in den monatelangen Genuss der Gastfreundschaft der t\u00fcrkischen Justiz kam, kehrt nun doch nicht zur Fortsetzung des Prozesses in die T\u00fcrkei zur\u00fcck. Als er am 14. Dezember letzten &hellip; <a href=\"https:\/\/www.ichblogdich.de\/?p=742\">Weiterlesen <span class=\"meta-nav\">&rarr;<\/span><\/a><\/p>\n","protected":false},"author":3,"featured_media":0,"comment_status":"open","ping_status":"open","sticky":false,"template":"","format":"standard","meta":{"footnotes":""},"categories":[15],"tags":[],"class_list":["post-742","post","type-post","status-publish","format-standard","hentry","category-sonstiges"],"_links":{"self":[{"href":"https:\/\/www.ichblogdich.de\/index.php?rest_route=\/wp\/v2\/posts\/742","targetHints":{"allow":["GET"]}}],"collection":[{"href":"https:\/\/www.ichblogdich.de\/index.php?rest_route=\/wp\/v2\/posts"}],"about":[{"href":"https:\/\/www.ichblogdich.de\/index.php?rest_route=\/wp\/v2\/types\/post"}],"author":[{"embeddable":true,"href":"https:\/\/www.ichblogdich.de\/index.php?rest_route=\/wp\/v2\/users\/3"}],"replies":[{"embeddable":true,"href":"https:\/\/www.ichblogdich.de\/index.php?rest_route=%2Fwp%2Fv2%2Fcomments&post=742"}],"version-history":[{"count":0,"href":"https:\/\/www.ichblogdich.de\/index.php?rest_route=\/wp\/v2\/posts\/742\/revisions"}],"wp:attachment":[{"href":"https:\/\/www.ichblogdich.de\/index.php?rest_route=%2Fwp%2Fv2%2Fmedia&parent=742"}],"wp:term":[{"taxonomy":"category","embeddable":true,"href":"https:\/\/www.ichblogdich.de\/index.php?rest_route=%2Fwp%2Fv2%2Fcategories&post=742"},{"taxonomy":"post_tag","embeddable":true,"href":"https:\/\/www.ichblogdich.de\/index.php?rest_route=%2Fwp%2Fv2%2Ftags&post=742"}],"curies":[{"name":"wp","href":"https:\/\/api.w.org\/{rel}","templated":true}]}}