{"id":759,"date":"2008-04-14T00:52:10","date_gmt":"2008-04-13T22:52:10","guid":{"rendered":"http:\/\/www.ichblogdich.de\/?p=759"},"modified":"2008-04-14T00:54:33","modified_gmt":"2008-04-13T22:54:33","slug":"wettbewerb-fur-ein-logo-zur-internationalen-woche-gegen-rassismus-in-leipzig","status":"publish","type":"post","link":"https:\/\/www.ichblogdich.de\/?p=759","title":{"rendered":"Wettbewerb f\u00fcr ein Logo zur Internationalen Woche gegen Rassismus in Leipzig"},"content":{"rendered":"<p><a href=\"http:\/\/www.leipzig.de\/de\/buerger\/service\/angebote\/migranten\/aktuell\/info\/11169.shtml\" target=\"_blank\">&#8222;Das st\u00e4dtische Referat Ausl\u00e4nderbeauftragter schreibt einen Wettbewerb eigens f\u00fcr ein Leipziger Logo f\u00fcr die k\u00fcnftigen Internationalen Wochen gegen Rassismus aus.&#8220;<\/a><\/p>\n<p>Na dann ran an die Grafikprogramme und das Hirn angeworfen. Es winken Preise bis 2000 EUR.<\/p>\n<p>Einsendeschlu\u00df ist der 30. Mai 2008.<\/p>\n<p>Viel Erfolg!<\/p>\n","protected":false},"excerpt":{"rendered":"<p>&#8222;Das st\u00e4dtische Referat Ausl\u00e4nderbeauftragter schreibt einen Wettbewerb eigens f\u00fcr ein Leipziger Logo f\u00fcr die k\u00fcnftigen Internationalen Wochen gegen Rassismus aus.&#8220; Na dann ran an die Grafikprogramme und das Hirn angeworfen. Es winken Preise bis 2000 EUR. Einsendeschlu\u00df ist der 30. &hellip; <a href=\"https:\/\/www.ichblogdich.de\/?p=759\">Weiterlesen <span class=\"meta-nav\">&rarr;<\/span><\/a><\/p>\n","protected":false},"author":3,"featured_media":0,"comment_status":"open","ping_status":"open","sticky":false,"template":"","format":"standard","meta":{"footnotes":""},"categories":[21],"tags":[],"class_list":["post-759","post","type-post","status-publish","format-standard","hentry","category-auf-die-schnelle"],"_links":{"self":[{"href":"https:\/\/www.ichblogdich.de\/index.php?rest_route=\/wp\/v2\/posts\/759","targetHints":{"allow":["GET"]}}],"collection":[{"href":"https:\/\/www.ichblogdich.de\/index.php?rest_route=\/wp\/v2\/posts"}],"about":[{"href":"https:\/\/www.ichblogdich.de\/index.php?rest_route=\/wp\/v2\/types\/post"}],"author":[{"embeddable":true,"href":"https:\/\/www.ichblogdich.de\/index.php?rest_route=\/wp\/v2\/users\/3"}],"replies":[{"embeddable":true,"href":"https:\/\/www.ichblogdich.de\/index.php?rest_route=%2Fwp%2Fv2%2Fcomments&post=759"}],"version-history":[{"count":0,"href":"https:\/\/www.ichblogdich.de\/index.php?rest_route=\/wp\/v2\/posts\/759\/revisions"}],"wp:attachment":[{"href":"https:\/\/www.ichblogdich.de\/index.php?rest_route=%2Fwp%2Fv2%2Fmedia&parent=759"}],"wp:term":[{"taxonomy":"category","embeddable":true,"href":"https:\/\/www.ichblogdich.de\/index.php?rest_route=%2Fwp%2Fv2%2Fcategories&post=759"},{"taxonomy":"post_tag","embeddable":true,"href":"https:\/\/www.ichblogdich.de\/index.php?rest_route=%2Fwp%2Fv2%2Ftags&post=759"}],"curies":[{"name":"wp","href":"https:\/\/api.w.org\/{rel}","templated":true}]}}