{"id":834,"date":"2008-06-18T16:15:11","date_gmt":"2008-06-18T14:15:11","guid":{"rendered":"http:\/\/www.ichblogdich.de\/?p=834"},"modified":"2008-06-18T16:16:04","modified_gmt":"2008-06-18T14:16:04","slug":"regierung-will-daten-uber-gewerkschaftszugehorigkeit-und-sexuelle-orientierung-von-bundesburgern-an-die-usa-liefern","status":"publish","type":"post","link":"https:\/\/www.ichblogdich.de\/?p=834","title":{"rendered":"Regierung will Daten \u00fcber Gewerkschaftszugeh\u00f6rigkeit und sexuelle Orientierung von Bundesb\u00fcrgern an die USA liefern"},"content":{"rendered":"<p>Neben Fluggastdaten m\u00f6chte die Bundesregierung zuk\u00fcnftig auch <a href=\"http:\/\/www.golem.de\/0806\/60226.html\" target=\"_blank\">Angaben wie die Zugeh\u00f6rigkeit zu Gewerkschaften und die sexuelle Orientierung bestimmter Bundesb\u00fcrger an die USA liefern<\/a>. Alles im Namen der Sicherheit und im Rahmen des Kampfes gegen den internationalen Terrorismus.<\/p>\n<p>Wir haben mit Frau Marion Knappe, Pressesprecherin des Deutschen Gewerkschaftsbunds gesprochen.<\/p>\n<p><strong>IchBlogDich: <\/strong><em>Wie viele Mitglieder z\u00e4hlt der DGB derzeit?<\/em><\/p>\n<p><strong>Marion Knappe: <\/strong><em>Die acht DGB-Gewerkschaften haben insgesamt 6,4 Millionen Mitglieder.<\/em><\/p>\n<p><strong>IchBlogDich: <\/strong><em>Sind dem DGB solcherlei Pl\u00e4ne der Bundesregierung bekannt, Daten \u00fcber die Mitgliedschaft in Gewerkschaften an die USA zu \u00fcbermitteln?<\/em><\/p>\n<p><strong>Marion Knappe: <\/strong><em>Ja, das ist im Rahmen eines bilateralen Abkommens \u00fcber &#8222;die Vertiefung der Zusammenarbeit bei der Verhinderung und Bek\u00e4mpfung schwerwiegender Kriminalit\u00e4t&#8220; geplant.<\/em><\/p>\n<p><strong>IchBlogDich: <\/strong><em>Was halten Sie von diesen Pl\u00e4nen der Bundesregierung?<br \/>\n<\/em><br \/>\n<strong>Marion Knappe: <\/strong><em>Wir halten die Verkn\u00fcpfung von Terrorgefahr und Gewerkschaftszugeh\u00f6rigkeit f\u00fcr \u00e4u\u00dferst problematisch.<\/em><\/p>\n<p><strong>IchBlogDich: <\/strong><em>Wie kommt die Bundesregierung eigentlich an diese Daten?<\/em><\/p>\n<p><strong>Marion Knappe: <\/strong><em>Das m\u00fcssten Sie das Innen- und das Justizministerium fragen.<\/em><\/p>\n<p><strong>IchBlogDich: <\/strong><em>Ist dem DGB ein Zusammenhang zwischen Gewerkschaftszugeh\u00f6rigkeit und dem internationalen Terror bekannt?<\/em><\/p>\n<p><strong>Marion Knappe: <\/strong><em>Nein.<\/em><\/p>\n<p><strong>IchBlogDich: <\/strong><em>Wird der DGB auf diese Pl\u00e4ne der Bundesregierung reagieren und wenn ja, wie?<br \/>\n<\/em><br \/>\n<strong>Marion Knappe: <\/strong><em>Der DGB-Vorsitzende Michael Sommer hat bereits vor einigen Wochen um eine Stellungnahme der Justizministerin gebeten. Sie wies in Ihrem Antwortschreiben darauf hin, dass unter anderem Angaben zur Gewerkschaftszugeh\u00f6rigkeit nur \u00fcbermittelt w\u00fcrden, wenn es &#8222;besonders relevant&#8220; sei und dies &#8222;nur in besonders begr\u00fcndeten Einzelf\u00e4llen ausnahmsweise in Betracht&#8220; k\u00e4me. Der Brief der Justizministerin hat die Bedenken des DGB jedoch in keiner Weise ausger\u00e4umt. Wir k\u00f6nnen nicht nachvollziehen, warum die Frage nach der Gewerkschaftszugeh\u00f6rigkeit in diesem Kontext relevant sein soll.<\/em><\/p>\n<p><strong>IchBlogDich: <\/strong><em>Vielen Dank f\u00fcr die Zeit, die Sie sich f\u00fcr uns genommen haben.<\/em><\/p>\n<p><strong>Fazit<\/strong><br \/>\nWoher die Bundesregierung diese Daten hat, ist also nicht bekannt. Dass eine Gewerkschaftszugeh\u00f6rigkeit und die sexuelle Orientierung eines Menschen etwas \u00fcber dessen Beteiligung am internationalen Terrorismus aussagen soll, bleibt unverst\u00e4ndlich.<br \/>\nDie Stellungnahme der Justizministerin sollte einem jedoch zu denken geben. Es stellt sich hierbei die Frage, wer denn \u00fcberhaupt entscheidet, wann es &#8222;besonders relevant&#8220; ist und wann ein &#8222;besonders begr\u00fcndeter Ausnahmefall&#8220; vorliegt.<br \/>\nDass solch pers\u00f6nliche Daten niemanden, also weder die Bundesregierung noch die USA etwas angehen, ist jedoch unbestritten. Wieder ein weiterer Schritt in Richtung \u00dcberwachungsstaat ?<\/p>\n","protected":false},"excerpt":{"rendered":"<p>Neben Fluggastdaten m\u00f6chte die Bundesregierung zuk\u00fcnftig auch Angaben wie die Zugeh\u00f6rigkeit zu Gewerkschaften und die sexuelle Orientierung bestimmter Bundesb\u00fcrger an die USA liefern. Alles im Namen der Sicherheit und im Rahmen des Kampfes gegen den internationalen Terrorismus. Wir haben mit &hellip; <a href=\"https:\/\/www.ichblogdich.de\/?p=834\">Weiterlesen <span class=\"meta-nav\">&rarr;<\/span><\/a><\/p>\n","protected":false},"author":5,"featured_media":0,"comment_status":"open","ping_status":"open","sticky":false,"template":"","format":"standard","meta":{"footnotes":""},"categories":[24,4],"tags":[],"class_list":["post-834","post","type-post","status-publish","format-standard","hentry","category-interview","category-unglaubliches"],"_links":{"self":[{"href":"https:\/\/www.ichblogdich.de\/index.php?rest_route=\/wp\/v2\/posts\/834","targetHints":{"allow":["GET"]}}],"collection":[{"href":"https:\/\/www.ichblogdich.de\/index.php?rest_route=\/wp\/v2\/posts"}],"about":[{"href":"https:\/\/www.ichblogdich.de\/index.php?rest_route=\/wp\/v2\/types\/post"}],"author":[{"embeddable":true,"href":"https:\/\/www.ichblogdich.de\/index.php?rest_route=\/wp\/v2\/users\/5"}],"replies":[{"embeddable":true,"href":"https:\/\/www.ichblogdich.de\/index.php?rest_route=%2Fwp%2Fv2%2Fcomments&post=834"}],"version-history":[{"count":0,"href":"https:\/\/www.ichblogdich.de\/index.php?rest_route=\/wp\/v2\/posts\/834\/revisions"}],"wp:attachment":[{"href":"https:\/\/www.ichblogdich.de\/index.php?rest_route=%2Fwp%2Fv2%2Fmedia&parent=834"}],"wp:term":[{"taxonomy":"category","embeddable":true,"href":"https:\/\/www.ichblogdich.de\/index.php?rest_route=%2Fwp%2Fv2%2Fcategories&post=834"},{"taxonomy":"post_tag","embeddable":true,"href":"https:\/\/www.ichblogdich.de\/index.php?rest_route=%2Fwp%2Fv2%2Ftags&post=834"}],"curies":[{"name":"wp","href":"https:\/\/api.w.org\/{rel}","templated":true}]}}