{"id":845,"date":"2008-06-25T03:12:28","date_gmt":"2008-06-25T01:12:28","guid":{"rendered":"http:\/\/www.ichblogdich.de\/?p=845"},"modified":"2008-06-27T17:05:35","modified_gmt":"2008-06-27T15:05:35","slug":"stefan-raabs-tv-total-vor-dem-aus","status":"publish","type":"post","link":"https:\/\/www.ichblogdich.de\/?p=845","title":{"rendered":"Stefan Raabs &#8222;TV-Total&#8220; vor dem Aus? &#8211; Update"},"content":{"rendered":"<p>Kein Kritiker, kein Maschendrahtzaun und keine verletzte Seele konnte Stefan Raabs TV-Total etwas anhaben. Doch nun scheint die Sendung \u00fcber sein eigenes Konzept zu stolpern.<\/p>\n<p>Denn laut einem aktuellen Urteil des Bundesgerichtshofs, k\u00f6nnen die in der Sendung &#8222;TV-Total&#8220; gezeigten Fernsehausschnitte anderer Sender Urheberrechtsverletzungen darstellen. <\/p>\n<p><strong>Der Fall &#8222;Spontan-Jodeln&#8220;<\/strong><br \/>\nGeklagt hatte eine Verwertungsgesellschaft des Hessischen Rundfunks. Bei der beanstandeten Szene ging es um ein &#8222;Spontan-Interview&#8220; aus der Sendung &#8222;Landparty in H\u00fcttenberg&#8220;. In dem Interview bewertete eine Passantin ihre Spontanit\u00e4t auf einer Skala von 1 bis 10 zwischen neun und zehn. Als der Reporter versuchte, die Passantin daraufhin mit dem Anz\u00e4hlen &#8222;drei, vier&#8230;&#8220; zum spontanen Jodeln zu animieren, missverstand dies die Passantin und bewertete ihre Jodel-Spontanit\u00e4t mit &#8222;drei&#8220;.<\/p>\n<p>Aus diesem Interview wurden 20 Sekunden in der Sendung &#8222;TV-Total&#8220; im Rahmen eines Beitrags in der L\u00e4nge 1 min 45 Sekunden gezeigt. Stefan Raab moderierte den Ausschnitt an und machte nach dem Ausschnitt noch eine kurze bewertende Bemerkung. Die Szene wurde in der Sendung mehrmals gezeigt.<\/p>\n<p><strong>Das Urteil<\/strong><br \/>\nDie Kl\u00e4gerin sah darin eine Urheberrechtsverletzung und bekam vorm BGH Recht.<\/p>\n<blockquote><p>Die Beklagte habe die Laufbilder entgegen \u00a7 94 Abs. 1 Satz 1 UrhG vervielf\u00e4ltigt, verbreitet und \u00f6ffentlich wahrnehmbar gemacht und das Recht des Hessischen Rundfunks zur Wiedergabe von Funksendungen verletzt.<\/p><\/blockquote>\n<p>Der BGH spricht der Beklagten in dem vorliegenden Fall die Schaffung eines eigenen Werks ab.<\/p>\n<blockquote><p>Die Beklagte habe die Laufbilder nicht nach \u00a7 24 Abs. 1 UrhG ohne Zustimmung der Kl\u00e4gerin verwenden d\u00fcrfen, weil sie damit nicht in freier Benutzung ein selbst\u00e4ndiges Werk geschaffen habe. Insoweit sei nicht auf die gesamte Sendung &#8222;TV-Total&#8220; vom 4. September 2001, sondern auf den Teil der Sendung abzustellen, in der der Moderator Stefan Raab die Vorlage pr\u00e4sentiere und kommentiere. Da dieser die Vorlage hierbei in keiner Weise kritisiere, parodiere oder karikiere, sei eine freie Bearbeitung zu verneinen.<\/p><\/blockquote>\n<p>Auch das Zitatrecht lie\u00dfen die Richter nicht gelten.<\/p>\n<blockquote><p>\nDie Verwendung der Sequenz sei auch nicht in entsprechender Anwendung des \u00a7 51 Nr. 2 UrhG als Zitat zul\u00e4ssig. Weder sei eine Aussage vorhanden, die durch die Sequenz belegt werden k\u00f6nnte, noch wohne den Erl\u00e4uterungen des Moderators ein k\u00fcnstlerischer Ausdruck und eine k\u00fcnstlerische Gestaltung inne, die mit der Sequenz eine innere Verbindung eingehen k\u00f6nnte.<\/p><\/blockquote>\n<p><strong>Das Aus f\u00fcr &#8222;TV-Total&#8220;?<\/strong><br \/>\nWenn dieses Urteil Schule macht und sich weitere Rechteinhaber gegen das Senden ihrer Werke in der Sendung &#8222;TV-Total&#8220; in Form von Unterlassungserkl\u00e4rungen zur Wehr setzen, k\u00f6nnten der Sendung bald die Quellen ausgehen. Die Schadensersatzanspr\u00fcche d\u00fcrften dann vielleicht noch zu verschmerzen sein. Doch wenn auf diese Weise nach und nach m\u00f6gliche Quellen f\u00fcr die Ausschnitte versiegen, d\u00fcrfte es Raab schwer haben, seine Sendung in der jetzigen Form zu bestreiten.<\/p>\n<p><strong>Update:<\/strong><br \/>\n<a href=\"http:\/\/www.heise.de\/tp\/\" target=\"_blank\">Telepolis<\/a> hat das Thema in dem Artikel <a href=\"http:\/\/www.heise.de\/tp\/r4\/artikel\/28\/28206\/1.html\" target=\"_blank\">&#8222;Urheberrecht schl\u00e4gt den Raab&#8220;<\/a> nun auch entdeckt und eine sch\u00f6ne Parallele zu der aktuellen &#8222;Eltern haften f\u00fcr ihre surfenden Kinder&#8220;-Debatte gezogen. Sehr lesenswert.<\/p>\n<p><font SIZE=1><u>Urteil:<\/u><br \/>\n<a href=\"http:\/\/juris.bundesgerichtshof.de\/cgi-bin\/rechtsprechung\/document.py?Gericht=bgh&#038;Art=en&#038;sid=927193cf30de0fa17779f85459b47f33&#038;client=[%2712%27%2C+%2712%27]&#038;client=[%2712%27%2C+%2712%27]&#038;nr=44091&#038;pos=0&#038;anz=1\" target=\"_blank\">BGH-Urteil des 1. Zivilsenats vom 20.12.2007 &#8211; I ZR 42\/05<\/a> (PDF)<\/p>\n<p><\/font><font SIZE=1><u>Via:<\/u><br \/>\n<a href=\"http:\/\/www.dr-bahr.com\/news_det_20080625013401.html\" target=\"_blank\">BGH: Fernseh-Ausschnitte bei &#8222;TV-Total&#8220; sind Urheberrechtsverletzungen<\/a><br \/>\n(Kanzlei Dr. Bahr vom 25.06.2008)<\/font><\/p>\n","protected":false},"excerpt":{"rendered":"<p>Kein Kritiker, kein Maschendrahtzaun und keine verletzte Seele konnte Stefan Raabs TV-Total etwas anhaben. Doch nun scheint die Sendung \u00fcber sein eigenes Konzept zu stolpern. Denn laut einem aktuellen Urteil des Bundesgerichtshofs, k\u00f6nnen die in der Sendung &#8222;TV-Total&#8220; gezeigten Fernsehausschnitte &hellip; <a href=\"https:\/\/www.ichblogdich.de\/?p=845\">Weiterlesen <span class=\"meta-nav\">&rarr;<\/span><\/a><\/p>\n","protected":false},"author":3,"featured_media":0,"comment_status":"open","ping_status":"open","sticky":false,"template":"","format":"standard","meta":{"footnotes":""},"categories":[26,9],"tags":[],"class_list":["post-845","post","type-post","status-publish","format-standard","hentry","category-recht","category-tv-dvd"],"_links":{"self":[{"href":"https:\/\/www.ichblogdich.de\/index.php?rest_route=\/wp\/v2\/posts\/845","targetHints":{"allow":["GET"]}}],"collection":[{"href":"https:\/\/www.ichblogdich.de\/index.php?rest_route=\/wp\/v2\/posts"}],"about":[{"href":"https:\/\/www.ichblogdich.de\/index.php?rest_route=\/wp\/v2\/types\/post"}],"author":[{"embeddable":true,"href":"https:\/\/www.ichblogdich.de\/index.php?rest_route=\/wp\/v2\/users\/3"}],"replies":[{"embeddable":true,"href":"https:\/\/www.ichblogdich.de\/index.php?rest_route=%2Fwp%2Fv2%2Fcomments&post=845"}],"version-history":[{"count":0,"href":"https:\/\/www.ichblogdich.de\/index.php?rest_route=\/wp\/v2\/posts\/845\/revisions"}],"wp:attachment":[{"href":"https:\/\/www.ichblogdich.de\/index.php?rest_route=%2Fwp%2Fv2%2Fmedia&parent=845"}],"wp:term":[{"taxonomy":"category","embeddable":true,"href":"https:\/\/www.ichblogdich.de\/index.php?rest_route=%2Fwp%2Fv2%2Fcategories&post=845"},{"taxonomy":"post_tag","embeddable":true,"href":"https:\/\/www.ichblogdich.de\/index.php?rest_route=%2Fwp%2Fv2%2Ftags&post=845"}],"curies":[{"name":"wp","href":"https:\/\/api.w.org\/{rel}","templated":true}]}}