{"id":876,"date":"2008-08-04T22:41:33","date_gmt":"2008-08-04T20:41:33","guid":{"rendered":"http:\/\/www.ichblogdich.de\/?p=876"},"modified":"2008-08-04T22:41:33","modified_gmt":"2008-08-04T20:41:33","slug":"24-auf-pro7-ab-heute-jeden-montag-3-folgen","status":"publish","type":"post","link":"https:\/\/www.ichblogdich.de\/?p=876","title":{"rendered":"&#8222;24&#8220; auf Pro7: ab heute jeden Montag 3 Folgen"},"content":{"rendered":"<p>Was RTL II billig ist, soll Pro7 Recht sein:<br \/>\n<a href=\"https:\/\/www.ichblogdich.de\/?p=843\" target=\"_blank\">Als ob ich es schon geahnt h\u00e4tte<\/a>, kn\u00fcpft Pro7 an der schlechten Tradition von RTL II an und sendet ab heute jeden Montag 3 Folgen der Serie &#8222;24&#8220;. Bisher strahlte Pro7 jeden Montag jeweils 2 Folgen aus.<\/p>\n<p>Was Sender wie RTL II und Pro7 dabei reitet, kann man nur erahnen. Die Zufriedenheit ihrer Zuschauer d\u00fcrfte dabei nicht im Fokus stehen. <\/p>\n<p>Morgen werden wieder eine Menge Fans der Serie &#8222;24&#8220; in diversen Foren sich \u00fcber diese Unbest\u00e4ndigkeit in der Ausstrahlung zu Recht aufregen. Dies kommt sicherlich nicht den Einschaltquoten zugute.<\/p>\n<p>Man sollte sich immer vor Augen halten: Privatsender sind nicht f\u00fcr die Zuschauer sondern prim\u00e4r f\u00fcr ihre Werbekunden da. Die Zuschauer sind nur das Guck-Vieh. <\/p>\n","protected":false},"excerpt":{"rendered":"<p>Was RTL II billig ist, soll Pro7 Recht sein: Als ob ich es schon geahnt h\u00e4tte, kn\u00fcpft Pro7 an der schlechten Tradition von RTL II an und sendet ab heute jeden Montag 3 Folgen der Serie &#8222;24&#8220;. Bisher strahlte Pro7 &hellip; <a href=\"https:\/\/www.ichblogdich.de\/?p=876\">Weiterlesen <span class=\"meta-nav\">&rarr;<\/span><\/a><\/p>\n","protected":false},"author":3,"featured_media":0,"comment_status":"open","ping_status":"open","sticky":false,"template":"","format":"standard","meta":{"footnotes":""},"categories":[9],"tags":[],"class_list":["post-876","post","type-post","status-publish","format-standard","hentry","category-tv-dvd"],"_links":{"self":[{"href":"https:\/\/www.ichblogdich.de\/index.php?rest_route=\/wp\/v2\/posts\/876","targetHints":{"allow":["GET"]}}],"collection":[{"href":"https:\/\/www.ichblogdich.de\/index.php?rest_route=\/wp\/v2\/posts"}],"about":[{"href":"https:\/\/www.ichblogdich.de\/index.php?rest_route=\/wp\/v2\/types\/post"}],"author":[{"embeddable":true,"href":"https:\/\/www.ichblogdich.de\/index.php?rest_route=\/wp\/v2\/users\/3"}],"replies":[{"embeddable":true,"href":"https:\/\/www.ichblogdich.de\/index.php?rest_route=%2Fwp%2Fv2%2Fcomments&post=876"}],"version-history":[{"count":0,"href":"https:\/\/www.ichblogdich.de\/index.php?rest_route=\/wp\/v2\/posts\/876\/revisions"}],"wp:attachment":[{"href":"https:\/\/www.ichblogdich.de\/index.php?rest_route=%2Fwp%2Fv2%2Fmedia&parent=876"}],"wp:term":[{"taxonomy":"category","embeddable":true,"href":"https:\/\/www.ichblogdich.de\/index.php?rest_route=%2Fwp%2Fv2%2Fcategories&post=876"},{"taxonomy":"post_tag","embeddable":true,"href":"https:\/\/www.ichblogdich.de\/index.php?rest_route=%2Fwp%2Fv2%2Ftags&post=876"}],"curies":[{"name":"wp","href":"https:\/\/api.w.org\/{rel}","templated":true}]}}